{"id":9377,"date":"2022-07-27T10:16:35","date_gmt":"2022-07-27T13:16:35","guid":{"rendered":"https:\/\/www.amino.com.br\/?p=9377"},"modified":"2025-03-20T11:52:11","modified_gmt":"2025-03-20T14:52:11","slug":"pacto-global-onu","status":"publish","type":"post","link":"https:\/\/www.amino.com.br\/es\/blog\/pacto-global-onu\/","title":{"rendered":"A Amino se une a la iniciativa voluntaria de sostenibilidad corporativa m\u00e1s grande del mundo."},"content":{"rendered":"\n<h3 class=\"wp-block-heading\"><strong>&nbsp;Amino se Une al Pacto Global de la ONU en Brasil<\/strong><\/h3>\n\n\n\n<figure class=\"wp-block-image size-full\"><img loading=\"lazy\" decoding=\"async\" width=\"1024\" height=\"1024\" src=\"https:\/\/www.amino.com.br\/wp-content\/uploads\/2024\/12\/image-1.png\" alt=\"\" class=\"wp-image-9378\" srcset=\"https:\/\/www.amino.com.br\/wp-content\/uploads\/2024\/12\/image-1.png 1024w, https:\/\/www.amino.com.br\/wp-content\/uploads\/2024\/12\/image-1-300x300.png 300w, https:\/\/www.amino.com.br\/wp-content\/uploads\/2024\/12\/image-1-150x150.png 150w, https:\/\/www.amino.com.br\/wp-content\/uploads\/2024\/12\/image-1-768x768.png 768w\" sizes=\"auto, (max-width: 1024px) 100vw, 1024px\" \/><\/figure>\n\n\n\n<p>Amino se ha unido oficialmente al Pacto Global de las Naciones Unidas (ONU), una iniciativa de la ONU que busca movilizar a la comunidad empresarial para adoptar y promover diez principios universalmente aceptados en las \u00e1reas de derechos humanos, trabajo, medio ambiente y lucha contra la corrupci\u00f3n en sus pr\u00e1cticas empresariales.<\/p>\n\n\n\n<p>Con la creaci\u00f3n de los Objetivos de Desarrollo Sostenible (ODS), el Pacto Global tambi\u00e9n asumi\u00f3 la misi\u00f3n de involucrar al sector privado en esta nueva agenda.<\/p>\n\n\n\n<p>Como una iniciativa especial del Secretario General de la ONU, el Pacto Global de las Naciones Unidas es un llamado a las empresas de todo el mundo para que alineen sus operaciones y estrategias con diez principios universales en las \u00e1reas de derechos humanos, trabajo, medio ambiente y anticorrupci\u00f3n. Lanzado en el a\u00f1o 2000, el Pacto Global orienta y apoya a la comunidad empresarial mundial en el avance de las metas y valores de la ONU a trav\u00e9s de pr\u00e1cticas corporativas responsables.<\/p>\n\n\n\n<p>Con m\u00e1s de 16,000 empresas y cerca de 4,000 organizaciones no empresariales distribuidas en 70 redes locales y casi 170 pa\u00edses, el Pacto Global de la ONU es la mayor iniciativa de sostenibilidad corporativa del mundo. Para m\u00e1s informaci\u00f3n, sigue a @globalcompact en redes sociales y visita nuestro sitio web: <a href=\"http:\/\/www.unglobalcompact.org\">www.unglobalcompact.org<\/a>.<\/p>\n\n\n\n<hr class=\"wp-block-separator has-alpha-channel-opacity\"\/>\n\n\n\n<p>Compromiso con el Progreso<\/p>\n\n\n\n<p>Al unirnos al Pacto Global, nos comprometemos a informar anualmente sobre nuestro progreso en relaci\u00f3n con los Diez Principios. Esta iniciativa fomenta la mejora continua de nuestras pr\u00e1cticas internas de sostenibilidad. Las empresas interesadas en formar parte pueden encontrar m\u00e1s informaci\u00f3n en <a href=\"http:\/\/www.pactoglobal.org.br\">www.pactoglobal.org.br<\/a>.<\/p>\n\n\n\n<hr class=\"wp-block-separator has-alpha-channel-opacity\"\/>\n\n\n\n<p>El Pacto Global de la ONU en Brasil<\/p>\n\n\n\n<p>Creado en 2003, el Pacto Global de la ONU en Brasil es ahora la tercera red local m\u00e1s grande del mundo, con m\u00e1s de 1,600 participantes. Los m\u00e1s de 40 proyectos llevados a cabo en el pa\u00eds se centran principalmente en temas como Agua y Saneamiento, Alimentos y Agricultura, Energ\u00eda y Clima, Derechos Humanos y Trabajo, Anticorrupci\u00f3n, Compromiso y Comunicaci\u00f3n.<\/p>\n\n\n\n<p>Para m\u00e1s informaci\u00f3n, sigue a @pactoglobalbr en redes sociales y visita nuestro sitio web: <a href=\"http:\/\/www.pactoglobal.org.br\">www.pactoglobal.org.br<\/a>.<\/p>\n\n\n\n<figure class=\"wp-block-embed is-type-video is-provider-youtube wp-block-embed-youtube wp-embed-aspect-16-9 wp-has-aspect-ratio\"><div class=\"wp-block-embed__wrapper\">\n<iframe loading=\"lazy\" title=\"Amino - Sustentabilidade\" width=\"640\" height=\"360\" src=\"https:\/\/www.youtube.com\/embed\/Q9W7yheYdN0?feature=oembed\" frameborder=\"0\" allow=\"accelerometer; autoplay; clipboard-write; encrypted-media; gyroscope; picture-in-picture; web-share\" referrerpolicy=\"strict-origin-when-cross-origin\" allowfullscreen><\/iframe>\n<\/div><\/figure>\n\n\n\n<hr class=\"wp-block-separator has-alpha-channel-opacity\"\/>\n\n\n\n<h2 class=\"wp-block-heading\">Acerca de Amino<\/h2>\n\n\n\n<figure class=\"wp-block-embed is-type-video is-provider-youtube wp-block-embed-youtube wp-embed-aspect-16-9 wp-has-aspect-ratio\"><div class=\"wp-block-embed__wrapper\">\n<iframe loading=\"lazy\" title=\"AMINO\" width=\"640\" height=\"360\" src=\"https:\/\/www.youtube.com\/embed\/QISg1h4DKsA?feature=oembed\" frameborder=\"0\" allow=\"accelerometer; autoplay; clipboard-write; encrypted-media; gyroscope; picture-in-picture; web-share\" referrerpolicy=\"strict-origin-when-cross-origin\" allowfullscreen><\/iframe>\n<\/div><\/figure>\n\n\n\n<p>Las espumas flexibles de PU desempe\u00f1an un papel fundamental en diversas industrias, y la elecci\u00f3n del sistema y los aditivos correctos es crucial para lograr el rendimiento deseado. Si desea saber m\u00e1s sobre c\u00f3mo optimizar sus procesos de producci\u00f3n y conocer la l\u00ednea completa de aditivos y soluciones de Amino, cont\u00e1ctenos. \u00a1Estamos listos para ayudarle a encontrar las mejores soluciones para sus necesidades de producci\u00f3n!<\/p>\n","protected":false},"excerpt":{"rendered":"<p>Amino acaba de unirse al Pacto Mundial de las Naciones Unidas en Brasil, una iniciativa de las Naciones Unidas (ONU) para movilizar a la comunidad empresarial para adoptar y promover, en sus pr\u00e1cticas comerciales, Diez Principios Universalmente Aceptados en las \u00e1reas de derechos humanos, trabajo, medio ambiente y lucha contra corrupci\u00f3n.<\/p>\n","protected":false},"author":4,"featured_media":8732,"comment_status":"closed","ping_status":"open","sticky":false,"template":"","format":"standard","meta":{"_acf_changed":false,"footnotes":""},"categories":[2],"tags":[],"class_list":["post-9377","post","type-post","status-publish","format-standard","has-post-thumbnail","hentry","category-sin-categorizar"],"acf":[],"yoast_head":"<!-- This site is optimized with the Yoast SEO plugin v27.3 - https:\/\/yoast.com\/product\/yoast-seo-wordpress\/ -->\n<title>A Amino se une a la iniciativa voluntaria de sostenibilidad corporativa m\u00e1s grande del mundo. - Amino<\/title>\n<meta name=\"robots\" content=\"index, follow, max-snippet:-1, max-image-preview:large, max-video-preview:-1\" \/>\n<link rel=\"canonical\" href=\"https:\/\/www.amino.com.br\/es\/blog\/pacto-global-onu\/\" \/>\n<meta property=\"og:locale\" content=\"es_ES\" \/>\n<meta property=\"og:type\" content=\"article\" \/>\n<meta property=\"og:title\" content=\"A Amino se une a la iniciativa voluntaria de sostenibilidad corporativa m\u00e1s grande del mundo. - Amino\" \/>\n<meta property=\"og:description\" content=\"Amino acaba de unirse al Pacto Mundial de las Naciones Unidas en Brasil, una iniciativa de las Naciones Unidas (ONU) para movilizar a la comunidad empresarial para adoptar y promover, en sus pr\u00e1cticas comerciales, Diez Principios Universalmente Aceptados en las \u00e1reas de derechos humanos, trabajo, medio ambiente y lucha contra corrupci\u00f3n.\" \/>\n<meta property=\"og:url\" content=\"https:\/\/www.amino.com.br\/es\/blog\/pacto-global-onu\/\" \/>\n<meta property=\"og:site_name\" content=\"Amino\" \/>\n<meta property=\"article:published_time\" content=\"2022-07-27T13:16:35+00:00\" \/>\n<meta property=\"article:modified_time\" content=\"2025-03-20T14:52:11+00:00\" \/>\n<meta property=\"og:image\" content=\"https:\/\/www.amino.com.br\/wp-content\/uploads\/2024\/07\/esg-poliuretano-amino-5.jpg\" \/>\n\t<meta property=\"og:image:width\" content=\"1600\" \/>\n\t<meta property=\"og:image:height\" content=\"1321\" \/>\n\t<meta property=\"og:image:type\" content=\"image\/jpeg\" \/>\n<meta name=\"author\" content=\"Marketing Amino\" \/>\n<meta name=\"twitter:card\" content=\"summary_large_image\" \/>\n<meta name=\"twitter:label1\" content=\"Escrito por\" \/>\n\t<meta name=\"twitter:data1\" content=\"Marketing Amino\" \/>\n\t<meta name=\"twitter:label2\" content=\"Tiempo de lectura\" \/>\n\t<meta name=\"twitter:data2\" content=\"3 minutos\" \/>\n<script type=\"application\/ld+json\" class=\"yoast-schema-graph\">{\"@context\":\"https:\\\/\\\/schema.org\",\"@graph\":[{\"@type\":\"Article\",\"@id\":\"https:\\\/\\\/www.amino.com.br\\\/es\\\/blog\\\/pacto-global-onu\\\/#article\",\"isPartOf\":{\"@id\":\"https:\\\/\\\/www.amino.com.br\\\/es\\\/blog\\\/pacto-global-onu\\\/\"},\"author\":{\"name\":\"Marketing Amino\",\"@id\":\"https:\\\/\\\/www.amino.com.br\\\/#\\\/schema\\\/person\\\/88e4e9c31d168c68cb7a7ff28babec4e\"},\"headline\":\"A Amino se une a la iniciativa voluntaria de sostenibilidad corporativa m\u00e1s grande del mundo.\",\"datePublished\":\"2022-07-27T13:16:35+00:00\",\"dateModified\":\"2025-03-20T14:52:11+00:00\",\"mainEntityOfPage\":{\"@id\":\"https:\\\/\\\/www.amino.com.br\\\/es\\\/blog\\\/pacto-global-onu\\\/\"},\"wordCount\":482,\"image\":{\"@id\":\"https:\\\/\\\/www.amino.com.br\\\/es\\\/blog\\\/pacto-global-onu\\\/#primaryimage\"},\"thumbnailUrl\":\"https:\\\/\\\/www.amino.com.br\\\/wp-content\\\/uploads\\\/2024\\\/07\\\/esg-poliuretano-amino-5.jpg\",\"articleSection\":[\"Sin categorizar\"],\"inLanguage\":\"es\"},{\"@type\":\"WebPage\",\"@id\":\"https:\\\/\\\/www.amino.com.br\\\/es\\\/blog\\\/pacto-global-onu\\\/\",\"url\":\"https:\\\/\\\/www.amino.com.br\\\/es\\\/blog\\\/pacto-global-onu\\\/\",\"name\":\"A Amino se une a la iniciativa voluntaria de sostenibilidad corporativa m\u00e1s grande del mundo. - Amino\",\"isPartOf\":{\"@id\":\"https:\\\/\\\/www.amino.com.br\\\/#website\"},\"primaryImageOfPage\":{\"@id\":\"https:\\\/\\\/www.amino.com.br\\\/es\\\/blog\\\/pacto-global-onu\\\/#primaryimage\"},\"image\":{\"@id\":\"https:\\\/\\\/www.amino.com.br\\\/es\\\/blog\\\/pacto-global-onu\\\/#primaryimage\"},\"thumbnailUrl\":\"https:\\\/\\\/www.amino.com.br\\\/wp-content\\\/uploads\\\/2024\\\/07\\\/esg-poliuretano-amino-5.jpg\",\"datePublished\":\"2022-07-27T13:16:35+00:00\",\"dateModified\":\"2025-03-20T14:52:11+00:00\",\"author\":{\"@id\":\"https:\\\/\\\/www.amino.com.br\\\/#\\\/schema\\\/person\\\/88e4e9c31d168c68cb7a7ff28babec4e\"},\"inLanguage\":\"es\",\"potentialAction\":[{\"@type\":\"ReadAction\",\"target\":[\"https:\\\/\\\/www.amino.com.br\\\/es\\\/blog\\\/pacto-global-onu\\\/\"]}]},{\"@type\":\"ImageObject\",\"inLanguage\":\"es\",\"@id\":\"https:\\\/\\\/www.amino.com.br\\\/es\\\/blog\\\/pacto-global-onu\\\/#primaryimage\",\"url\":\"https:\\\/\\\/www.amino.com.br\\\/wp-content\\\/uploads\\\/2024\\\/07\\\/esg-poliuretano-amino-5.jpg\",\"contentUrl\":\"https:\\\/\\\/www.amino.com.br\\\/wp-content\\\/uploads\\\/2024\\\/07\\\/esg-poliuretano-amino-5.jpg\",\"width\":1600,\"height\":1321,\"caption\":\"ESG Poliuretano\"},{\"@type\":\"WebSite\",\"@id\":\"https:\\\/\\\/www.amino.com.br\\\/#website\",\"url\":\"https:\\\/\\\/www.amino.com.br\\\/\",\"name\":\"Amino\",\"description\":\"Ind\u00fastria Qu\u00edmica para Poliuretanos\",\"potentialAction\":[{\"@type\":\"SearchAction\",\"target\":{\"@type\":\"EntryPoint\",\"urlTemplate\":\"https:\\\/\\\/www.amino.com.br\\\/?s={search_term_string}\"},\"query-input\":{\"@type\":\"PropertyValueSpecification\",\"valueRequired\":true,\"valueName\":\"search_term_string\"}}],\"inLanguage\":\"es\"},{\"@type\":\"Person\",\"@id\":\"https:\\\/\\\/www.amino.com.br\\\/#\\\/schema\\\/person\\\/88e4e9c31d168c68cb7a7ff28babec4e\",\"name\":\"Marketing Amino\",\"image\":{\"@type\":\"ImageObject\",\"inLanguage\":\"es\",\"@id\":\"https:\\\/\\\/secure.gravatar.com\\\/avatar\\\/28f7d6fa94d8ed211a57557870a62050c7c1fc50269913404e94a712ef98ae98?s=96&d=mm&r=g\",\"url\":\"https:\\\/\\\/secure.gravatar.com\\\/avatar\\\/28f7d6fa94d8ed211a57557870a62050c7c1fc50269913404e94a712ef98ae98?s=96&d=mm&r=g\",\"contentUrl\":\"https:\\\/\\\/secure.gravatar.com\\\/avatar\\\/28f7d6fa94d8ed211a57557870a62050c7c1fc50269913404e94a712ef98ae98?s=96&d=mm&r=g\",\"caption\":\"Marketing Amino\"},\"url\":\"https:\\\/\\\/www.amino.com.br\\\/es\\\/blog\\\/author\\\/marketingamino-com-br\\\/\"}]}<\/script>\n<!-- \/ Yoast SEO plugin. -->","yoast_head_json":{"title":"A Amino se une a la iniciativa voluntaria de sostenibilidad corporativa m\u00e1s grande del mundo. - Amino","robots":{"index":"index","follow":"follow","max-snippet":"max-snippet:-1","max-image-preview":"max-image-preview:large","max-video-preview":"max-video-preview:-1"},"canonical":"https:\/\/www.amino.com.br\/es\/blog\/pacto-global-onu\/","og_locale":"es_ES","og_type":"article","og_title":"A Amino se une a la iniciativa voluntaria de sostenibilidad corporativa m\u00e1s grande del mundo. - Amino","og_description":"Amino acaba de unirse al Pacto Mundial de las Naciones Unidas en Brasil, una iniciativa de las Naciones Unidas (ONU) para movilizar a la comunidad empresarial para adoptar y promover, en sus pr\u00e1cticas comerciales, Diez Principios Universalmente Aceptados en las \u00e1reas de derechos humanos, trabajo, medio ambiente y lucha contra corrupci\u00f3n.","og_url":"https:\/\/www.amino.com.br\/es\/blog\/pacto-global-onu\/","og_site_name":"Amino","article_published_time":"2022-07-27T13:16:35+00:00","article_modified_time":"2025-03-20T14:52:11+00:00","og_image":[{"width":1600,"height":1321,"url":"https:\/\/www.amino.com.br\/wp-content\/uploads\/2024\/07\/esg-poliuretano-amino-5.jpg","type":"image\/jpeg"}],"author":"Marketing Amino","twitter_card":"summary_large_image","twitter_misc":{"Escrito por":"Marketing Amino","Tiempo de lectura":"3 minutos"},"schema":{"@context":"https:\/\/schema.org","@graph":[{"@type":"Article","@id":"https:\/\/www.amino.com.br\/es\/blog\/pacto-global-onu\/#article","isPartOf":{"@id":"https:\/\/www.amino.com.br\/es\/blog\/pacto-global-onu\/"},"author":{"name":"Marketing Amino","@id":"https:\/\/www.amino.com.br\/#\/schema\/person\/88e4e9c31d168c68cb7a7ff28babec4e"},"headline":"A Amino se une a la iniciativa voluntaria de sostenibilidad corporativa m\u00e1s grande del mundo.","datePublished":"2022-07-27T13:16:35+00:00","dateModified":"2025-03-20T14:52:11+00:00","mainEntityOfPage":{"@id":"https:\/\/www.amino.com.br\/es\/blog\/pacto-global-onu\/"},"wordCount":482,"image":{"@id":"https:\/\/www.amino.com.br\/es\/blog\/pacto-global-onu\/#primaryimage"},"thumbnailUrl":"https:\/\/www.amino.com.br\/wp-content\/uploads\/2024\/07\/esg-poliuretano-amino-5.jpg","articleSection":["Sin categorizar"],"inLanguage":"es"},{"@type":"WebPage","@id":"https:\/\/www.amino.com.br\/es\/blog\/pacto-global-onu\/","url":"https:\/\/www.amino.com.br\/es\/blog\/pacto-global-onu\/","name":"A Amino se une a la iniciativa voluntaria de sostenibilidad corporativa m\u00e1s grande del mundo. - Amino","isPartOf":{"@id":"https:\/\/www.amino.com.br\/#website"},"primaryImageOfPage":{"@id":"https:\/\/www.amino.com.br\/es\/blog\/pacto-global-onu\/#primaryimage"},"image":{"@id":"https:\/\/www.amino.com.br\/es\/blog\/pacto-global-onu\/#primaryimage"},"thumbnailUrl":"https:\/\/www.amino.com.br\/wp-content\/uploads\/2024\/07\/esg-poliuretano-amino-5.jpg","datePublished":"2022-07-27T13:16:35+00:00","dateModified":"2025-03-20T14:52:11+00:00","author":{"@id":"https:\/\/www.amino.com.br\/#\/schema\/person\/88e4e9c31d168c68cb7a7ff28babec4e"},"inLanguage":"es","potentialAction":[{"@type":"ReadAction","target":["https:\/\/www.amino.com.br\/es\/blog\/pacto-global-onu\/"]}]},{"@type":"ImageObject","inLanguage":"es","@id":"https:\/\/www.amino.com.br\/es\/blog\/pacto-global-onu\/#primaryimage","url":"https:\/\/www.amino.com.br\/wp-content\/uploads\/2024\/07\/esg-poliuretano-amino-5.jpg","contentUrl":"https:\/\/www.amino.com.br\/wp-content\/uploads\/2024\/07\/esg-poliuretano-amino-5.jpg","width":1600,"height":1321,"caption":"ESG Poliuretano"},{"@type":"WebSite","@id":"https:\/\/www.amino.com.br\/#website","url":"https:\/\/www.amino.com.br\/","name":"Amino","description":"Ind\u00fastria Qu\u00edmica para Poliuretanos","potentialAction":[{"@type":"SearchAction","target":{"@type":"EntryPoint","urlTemplate":"https:\/\/www.amino.com.br\/?s={search_term_string}"},"query-input":{"@type":"PropertyValueSpecification","valueRequired":true,"valueName":"search_term_string"}}],"inLanguage":"es"},{"@type":"Person","@id":"https:\/\/www.amino.com.br\/#\/schema\/person\/88e4e9c31d168c68cb7a7ff28babec4e","name":"Marketing Amino","image":{"@type":"ImageObject","inLanguage":"es","@id":"https:\/\/secure.gravatar.com\/avatar\/28f7d6fa94d8ed211a57557870a62050c7c1fc50269913404e94a712ef98ae98?s=96&d=mm&r=g","url":"https:\/\/secure.gravatar.com\/avatar\/28f7d6fa94d8ed211a57557870a62050c7c1fc50269913404e94a712ef98ae98?s=96&d=mm&r=g","contentUrl":"https:\/\/secure.gravatar.com\/avatar\/28f7d6fa94d8ed211a57557870a62050c7c1fc50269913404e94a712ef98ae98?s=96&d=mm&r=g","caption":"Marketing Amino"},"url":"https:\/\/www.amino.com.br\/es\/blog\/author\/marketingamino-com-br\/"}]}},"_links":{"self":[{"href":"https:\/\/www.amino.com.br\/es\/wp-json\/wp\/v2\/posts\/9377","targetHints":{"allow":["GET"]}}],"collection":[{"href":"https:\/\/www.amino.com.br\/es\/wp-json\/wp\/v2\/posts"}],"about":[{"href":"https:\/\/www.amino.com.br\/es\/wp-json\/wp\/v2\/types\/post"}],"author":[{"embeddable":true,"href":"https:\/\/www.amino.com.br\/es\/wp-json\/wp\/v2\/users\/4"}],"replies":[{"embeddable":true,"href":"https:\/\/www.amino.com.br\/es\/wp-json\/wp\/v2\/comments?post=9377"}],"version-history":[{"count":2,"href":"https:\/\/www.amino.com.br\/es\/wp-json\/wp\/v2\/posts\/9377\/revisions"}],"predecessor-version":[{"id":10513,"href":"https:\/\/www.amino.com.br\/es\/wp-json\/wp\/v2\/posts\/9377\/revisions\/10513"}],"wp:featuredmedia":[{"embeddable":true,"href":"https:\/\/www.amino.com.br\/es\/wp-json\/wp\/v2\/media\/8732"}],"wp:attachment":[{"href":"https:\/\/www.amino.com.br\/es\/wp-json\/wp\/v2\/media?parent=9377"}],"wp:term":[{"taxonomy":"category","embeddable":true,"href":"https:\/\/www.amino.com.br\/es\/wp-json\/wp\/v2\/categories?post=9377"},{"taxonomy":"post_tag","embeddable":true,"href":"https:\/\/www.amino.com.br\/es\/wp-json\/wp\/v2\/tags?post=9377"}],"curies":[{"name":"wp","href":"https:\/\/api.w.org\/{rel}","templated":true}]}}